{"id":9922,"date":"2025-04-16T20:04:27","date_gmt":"2025-04-16T18:04:27","guid":{"rendered":"https:\/\/doppiojazz.it\/wp\/?p=9922"},"modified":"2025-04-16T20:05:18","modified_gmt":"2025-04-16T18:05:18","slug":"tech-humana-nuovo-disco-del-dos-duo-onirico-sonoro-filibusta-records-2025","status":"publish","type":"post","link":"https:\/\/doppiojazz.it\/wp\/2025\/04\/16\/tech-humana-nuovo-disco-del-dos-duo-onirico-sonoro-filibusta-records-2025\/","title":{"rendered":"\u00abTech Humana\u00bb, nuovo disco del DOS Duo Onirico Sonoro (Filibusta Records, 2025)"},"content":{"rendered":"\n<p class=\"has-medium-font-size\"><em><strong>\/\/ a Cura della Redazione \/\/<\/strong><\/em><\/p>\n\n\n\n<p class=\"has-medium-font-size\">\u00abTech Humana\u00bb \u00e8 il nuovo disco del DOS Duo Onirico Sonoro, uscito per Filibusta Records. \u00abTech Humana\u00bb \u00e8 il frutto della sinergia e della collaborazione tra la leader Annalisa De Feo e la violoncellista Livia De Romanis, che ha visto le due artiste a stretto contatto in questi ultimi due anni sul e fuori dal palco. Questo lavoro nasce in maniera spontanea e, sul piano stilistico e timbrico, amplifica e sviluppa il discorso iniziato con il precedente \u00abFloating\u00bb (Novembre 2023): ora il dualismo acustico \u2013 elettronico \u00e8 pi\u00f9 netto e si fa portavoce della dicotomia che, concettualmente, \u00e8 insita nel nome \u00abTech Humana\u00bb: ragionamento e intuizione \u2013 logica ed emozione \u2013 tecnologico ed umano \u2013 coinvolgimento e indifferenza, toccando una tematica che ci colpisce direttamente e quotidianamente a pi\u00f9 livelli.<\/p>\n\n\n\n<p class=\"has-medium-font-size\"><strong>Cos\u00ec il disco apre con <\/strong><em><strong>Thin Spark<\/strong><\/em><strong>: una sottile scintilla<\/strong> (metaforicamente riprodotta da un corpo metallico che sfrega sulle corde del pianoforte) d\u00e0 vita all\u2019intero album e, con il suo carattere improvvisato, simula quell\u2019intuizione che viene prima del ragionamento, quell\u2019emozione che viene prima di ogni fredda considerazione. Si prosegue in un crescendo sonoro e di forma per cui, gi\u00e0 il secondo brano <em>All About Thinking<\/em> feat. Jacopo Ferrazza al contrabbasso, rappresenta una evoluzione dell\u2019 intuizione, con tutto ci\u00f2 che riguarda la natura di un pensiero: dall\u2019idea, al dubbio, alla messa in discussione. Seguono brani come <em>Kalim<\/em>: le sonorit\u00e0 etniche della kalimba (cui Annalisa De Feo rimane affezionata) s\u2019intrecciano alle ricerche timbriche del pianoforte e del violoncello in un dialogo giocoso dal carattere interrogativo e <em>From Deep Of The Air<\/em>, in cui, con la complicit\u00e0 della natura, DOS pone al centro la questione del \u00abpeso dell\u2019aria\u00bb (fonte di discussione per molti antichi filosofi), attraverso un continuum fluido e caleidoscopico degli strumenti acustici. Passando per <em>Tala<\/em>, un mantra ipnotico per violoncello solo, voce ed elettronica, si giunge a un cambio di scena con Shifting Landscapes: brano che vede come secondo ospite del disco, Simone Alessandrini al sax e ai dispositivi elettroacustici e che segna il reale ponte di passaggio dall\u2019acustico all\u2019elettronico, dall\u2019umano al \u00abdis-umano\u00bb. Da qui, un crescendo inarrestabile porter\u00e0 a <em>Growing Spiral<\/em>: una spirale vorticosa che, in forma di suite con la precedente Tech Humana, chiude l\u2019album con una idea di speranza, in associazione al concetto stesso di evoluzione, crescita, trasformazione che la spirale sta a simboleggiare. \u00abTech Humana\u00bb \u00e8 un inno a rimanere umani, senza farsi sopraffare dal virtuale, dalla finzione, dalla costruzione, rischiando di scivolare in una pericolosa anestesia emotiva.<\/p>\n\n\n\n<p class=\"has-medium-font-size\"><strong>Line up<\/strong><\/p>\n\n\n\n<p class=\"has-medium-font-size\">Annalisa De Feo pianoforte, elettronica, voce \u2013 Livia De Romanis violoncello, elettronica \/ Guest: Jacopo Ferrazza contrabbasso (traccia 2), Simone Alessandrini sax, elettronica (traccia 6)<\/p>\n\n\n\n<p class=\"has-medium-font-size\"><strong>Tracklist<\/strong><\/p>\n\n\n\n<p class=\"has-medium-font-size\">Thin Spark \/ All about thinking \/ Kalim \/ From deep of the air \/ Tala \/ Shifting Landscapes \/ Tech Humana \/ Growing Spiral \/ The Dawn (bonus track)<\/p>\n\n\n\n<p class=\"has-medium-font-size\"><strong>Bio<\/strong><\/p>\n\n\n\n<p class=\"has-medium-font-size\">DOS muove i primi passi tra Roma, New York e Berlino, citt\u00e0, quest\u2019ultima, in cui Annalisa de Feo risiede dal 2011 al 2014 e dove sperimenta nuove sonorit\u00e0 e collaborazioni. Nuovamente in Italia dal 2015, vanta numerosi concerti in Italia e all\u2019estero (Germania, Danimarca, Slovenia) con la partecipazione a festival e club, alcuni di questi tra i pi\u00f9 significativi della scena musicale nazionale e internazionale (Auditorium Parco della Musica, Alexander Platz Jazz Club, Lucca Jazz Festival, Berlin Art Carr\u00e8, Berlitalia Festival, Badehaus Musikszalon, Casa del Jazz e molti altri) DOS risulta vincitore della semifinale all\u2019Arezzo Wave contest nel 2017; si aggiudica il premio della giuria del pubblico al XIV Festival Pontino del Cortometraggio con il videoclip \u00ab Jouer et Danser\u00bb per la regia di Renato Chiocca, presentato anche al Festival europeo \u00abVideo Migration \u2013 Care Courts\u00bb in Francia nella citt\u00e0 di Bordeaux e il premio della critica al Festival CARE di Barcellona.<\/p>\n\n\n\n<figure class=\"wp-block-image size-full\"><img loading=\"lazy\" decoding=\"async\" width=\"960\" height=\"640\" src=\"https:\/\/doppiojazz.it\/wp\/wp-content\/uploads\/2025\/04\/Dos-Duo-Onirico-Sonoro.jpg\" alt=\"\" class=\"wp-image-9923\" srcset=\"https:\/\/doppiojazz.it\/wp\/wp-content\/uploads\/2025\/04\/Dos-Duo-Onirico-Sonoro.jpg 960w, https:\/\/doppiojazz.it\/wp\/wp-content\/uploads\/2025\/04\/Dos-Duo-Onirico-Sonoro-300x200.jpg 300w, https:\/\/doppiojazz.it\/wp\/wp-content\/uploads\/2025\/04\/Dos-Duo-Onirico-Sonoro-768x512.jpg 768w\" sizes=\"auto, (max-width: 960px) 100vw, 960px\" \/><figcaption class=\"wp-element-caption\"><strong><em>Dos Duo Onirico Sonoro<\/em><\/strong><\/figcaption><\/figure>\n\n\n\n<p><\/p>\n","protected":false},"excerpt":{"rendered":"<p>\/\/ a Cura della Redazione \/\/ \u00abTech Humana\u00bb \u00e8 il nuovo disco del DOS Duo&#8230;<\/p>\n","protected":false},"author":4,"featured_media":9924,"comment_status":"open","ping_status":"open","sticky":false,"template":"","format":"standard","meta":{"footnotes":"","jetpack_publicize_message":"","jetpack_publicize_feature_enabled":true,"jetpack_social_post_already_shared":false,"jetpack_social_options":{"image_generator_settings":{"template":"highway","enabled":false},"version":2}},"categories":[9,18,2,3,500,6,13],"tags":[],"class_list":["post-9922","post","type-post","status-publish","format-standard","has-post-thumbnail","hentry","category-cultura","category-fusion","category-jazz","category-musica","category-post-bop","category-recensione-dischi","category-world-music"],"jetpack_publicize_connections":[],"jetpack_featured_media_url":"https:\/\/doppiojazz.it\/wp\/wp-content\/uploads\/2025\/04\/Dos-Duo-Onirico-Sonoro-disco.jpg","_links":{"self":[{"href":"https:\/\/doppiojazz.it\/wp\/wp-json\/wp\/v2\/posts\/9922","targetHints":{"allow":["GET"]}}],"collection":[{"href":"https:\/\/doppiojazz.it\/wp\/wp-json\/wp\/v2\/posts"}],"about":[{"href":"https:\/\/doppiojazz.it\/wp\/wp-json\/wp\/v2\/types\/post"}],"author":[{"embeddable":true,"href":"https:\/\/doppiojazz.it\/wp\/wp-json\/wp\/v2\/users\/4"}],"replies":[{"embeddable":true,"href":"https:\/\/doppiojazz.it\/wp\/wp-json\/wp\/v2\/comments?post=9922"}],"version-history":[{"count":2,"href":"https:\/\/doppiojazz.it\/wp\/wp-json\/wp\/v2\/posts\/9922\/revisions"}],"predecessor-version":[{"id":9926,"href":"https:\/\/doppiojazz.it\/wp\/wp-json\/wp\/v2\/posts\/9922\/revisions\/9926"}],"wp:featuredmedia":[{"embeddable":true,"href":"https:\/\/doppiojazz.it\/wp\/wp-json\/wp\/v2\/media\/9924"}],"wp:attachment":[{"href":"https:\/\/doppiojazz.it\/wp\/wp-json\/wp\/v2\/media?parent=9922"}],"wp:term":[{"taxonomy":"category","embeddable":true,"href":"https:\/\/doppiojazz.it\/wp\/wp-json\/wp\/v2\/categories?post=9922"},{"taxonomy":"post_tag","embeddable":true,"href":"https:\/\/doppiojazz.it\/wp\/wp-json\/wp\/v2\/tags?post=9922"}],"curies":[{"name":"wp","href":"https:\/\/api.w.org\/{rel}","templated":true}]}}