{"id":7967,"date":"2024-11-05T15:21:27","date_gmt":"2024-11-05T14:21:27","guid":{"rendered":"https:\/\/doppiojazz.it\/wp\/?p=7967"},"modified":"2024-11-05T15:21:30","modified_gmt":"2024-11-05T14:21:30","slug":"francesco-venerucci-feat-javier-girotto-in-concerto-allalexanderplatz-jazz-club-di-roma","status":"publish","type":"post","link":"https:\/\/doppiojazz.it\/wp\/2024\/11\/05\/francesco-venerucci-feat-javier-girotto-in-concerto-allalexanderplatz-jazz-club-di-roma\/","title":{"rendered":"Francesco Venerucci Feat. Javier Girotto in concerto,  all\u2019Alexanderplatz Jazz Club di Roma"},"content":{"rendered":"\n<p class=\"has-medium-font-size\"><strong><br><em>Domenica 10 novembre, alle 21:00, Francesco Venerucci con Javier Girotto, Jacopo Ferrazza ed Ettore Fioravanti presenter\u00e0 il suo nuovo disco Indian Summer<\/em><\/strong><\/p>\n\n\n\n<p class=\"has-medium-font-size\"><strong><em>\/\/ di Stefano Dentice \/\/<\/em><\/strong><\/p>\n\n\n\n<p class=\"has-medium-font-size\">Lo storico jazz club Alexanderplatz (Via Ostia, 9 \u2013 Roma), domenica 10 novembre alle 21:00, ospiter\u00e0 il concerto del pianista e compositore Francesco Venerucci che, accompagnato da Javier Girotto (sax soprano, sax baritono e flauti andini), Jacopo Ferrazza (contrabbasso) ed Ettore Fioravanti (batteria), presenter\u00e0 il suo nuovo disco intitolato &#8220;Indian Summer&#8221;, pubblicato dalla nota etichetta Alfa Music e uscito venerd\u00ec 18 ottobre sui digital stores, mentre in copia fisica disponibile da venerd\u00ec 25 ottobre. La <em>tracklist <\/em>\u00e8 formata da dieci brani composti e arrangiati da Venerucci. &#8220;Indian Summer&#8221; \u00e8 frutto di una succulenta commistione improntata su jazz e latin jazz, dalle venature funk e con colorazioni provenienti dalla musica colta, a riprova della poliedricit\u00e0 stilistica del leader e dei suoi tre eccellenti compagni di note. Ma ci\u00f2 che caratterizza questa nuova opera discografica \u00e8 la grande sensibilit\u00e0 di Francesco Venerucci per la cantabilit\u00e0 dei temi, il senso melodico e la finezza armonica, elementi indispensabili per dar vita a un luminoso mosaico di suoni e colori cangianti. L\u2019autore descrive cos\u00ec la genesi e il <em>mood<\/em> di Indian Summer: \u00ab<em>Ho scritto dieci nuove composizioni originali per quartetto jazz. In questo progetto, per la prima volta, ho avuto il piacere di collaborare con Javier Girotto. Tutti i brani sono stati composti e arrangiati con in mente il suo suono inconfondibile. L\u2019intero disco ha beneficiato di una profonda coerenza stilistica e una naturale intesa interpretativa, anche grazie al solido talento di Jacopo Ferrazza al contrabbasso e all\u2019autorevole maestria di Ettore Fioravanti alla batteria<\/em>\u00bb. Un concerto, dunque, non solo appannaggio dei puristi del jazz, ma per tutti coloro che amano la buona e vera musica senza alcun pregiudizio di sorta.<\/p>\n\n\n\n<p class=\"has-medium-font-size\"><strong>Biografia Francesco Venerucci<\/strong><\/p>\n\n\n\n<p class=\"has-medium-font-size\">Pianista raffinato, eclettico, votato alla melodia, capace di creare intarsiature armoniche di ottima fattura e abile nello spaziare con brillantezza dalla musica colta al jazz, dal tango alla musica sperimentale. Compositore e arrangiatore prolifico, Francesco Venerucci \u00e8 un musicista di ampie vedute dalla prestigiosa formazione accademica: laurea in \u201cComposizione Jazz\u201d presso il conservatorio Santa Cecilia (Roma), Master di II livello post laurea in \u201cComposizione Teatrale\u201d presso il conservatorio Evaristo Felice Dall\u2019Abaco (Verona) e diploma in \u201cComposizione Classica\u201d e pianoforte. Svariati i riconoscimenti nell\u2019arco della sua carriera: primo premio al concorso di composizione \u201cBarga\u201d e terzo premio al concorso di composizione \u201cDimitri Mitropoulos\u201d (Atene), solo per menzionarne alcuni. In veste di compositore scrive tre opere liriche (Sogno di una Notte di Mezza Estate, Kaspar Hauser e Scanderbeg) e pubblica quattro CD a suo nome: Tango Fugato, Early Afternoon, Tramas e l\u2019ultimo \u201cfiglio\u201d intitolato Indian Summer. Grazie al suo talento, durante la sua attivit\u00e0, stringe collaborazioni significative al fianco di musicisti blasonati in ambito internazionale come Dave Liebman, Javier Girotto, Miltos Logiadis, Claude Delangle, Michele Rabbia, Gianni Iorio, David Riondino e tanti altri ancora.<\/p>\n\n\n\n<p class=\"has-medium-font-size\"><strong>PER INFO E PRENOTAZIONI: 06-83775604<\/strong><\/p>\n\n\n\n<p class=\"has-medium-font-size\"><strong>Prenotazioni SOLTANTO tramite WhatsApp: 349-9770309<\/strong><\/p>\n\n\n\n<figure class=\"wp-block-image size-large\"><img loading=\"lazy\" decoding=\"async\" width=\"819\" height=\"1024\" src=\"https:\/\/doppiojazz.it\/wp\/wp-content\/uploads\/2024\/11\/FRANCESCO-VENERUCCI-INDIANI-SUMMER-ALEXANDERPLATZ-819x1024.jpg\" alt=\"\" class=\"wp-image-7969\" srcset=\"https:\/\/doppiojazz.it\/wp\/wp-content\/uploads\/2024\/11\/FRANCESCO-VENERUCCI-INDIANI-SUMMER-ALEXANDERPLATZ-819x1024.jpg 819w, https:\/\/doppiojazz.it\/wp\/wp-content\/uploads\/2024\/11\/FRANCESCO-VENERUCCI-INDIANI-SUMMER-ALEXANDERPLATZ-240x300.jpg 240w, https:\/\/doppiojazz.it\/wp\/wp-content\/uploads\/2024\/11\/FRANCESCO-VENERUCCI-INDIANI-SUMMER-ALEXANDERPLATZ-768x960.jpg 768w, https:\/\/doppiojazz.it\/wp\/wp-content\/uploads\/2024\/11\/FRANCESCO-VENERUCCI-INDIANI-SUMMER-ALEXANDERPLATZ-1024x1280.jpg 1024w, https:\/\/doppiojazz.it\/wp\/wp-content\/uploads\/2024\/11\/FRANCESCO-VENERUCCI-INDIANI-SUMMER-ALEXANDERPLATZ.jpg 1080w\" sizes=\"auto, (max-width: 819px) 100vw, 819px\" \/><\/figure>\n","protected":false},"excerpt":{"rendered":"<p>Domenica 10 novembre, alle 21:00, Francesco Venerucci con Javier Girotto, Jacopo Ferrazza ed Ettore Fioravanti&#8230;<\/p>\n","protected":false},"author":11,"featured_media":7968,"comment_status":"open","ping_status":"open","sticky":false,"template":"","format":"standard","meta":{"footnotes":"","jetpack_publicize_message":"","jetpack_publicize_feature_enabled":true,"jetpack_social_post_already_shared":false,"jetpack_social_options":{"image_generator_settings":{"template":"highway","default_image_id":0,"font":"","enabled":false},"version":2}},"categories":[4,10,9,5,22,2,3,1],"tags":[],"class_list":["post-7967","post","type-post","status-publish","format-standard","has-post-thumbnail","hentry","category-concerti","category-costume-e-societa","category-cultura","category-eventi","category-italian-jazz","category-jazz","category-musica","category-spettacoli"],"jetpack_publicize_connections":[],"jetpack_featured_media_url":"https:\/\/doppiojazz.it\/wp\/wp-content\/uploads\/2024\/11\/FRANCESCO-VENERUCCI-2-PH-PIER-LUIGI-ZANZI-scaled-e1730816409226.jpg","_links":{"self":[{"href":"https:\/\/doppiojazz.it\/wp\/wp-json\/wp\/v2\/posts\/7967","targetHints":{"allow":["GET"]}}],"collection":[{"href":"https:\/\/doppiojazz.it\/wp\/wp-json\/wp\/v2\/posts"}],"about":[{"href":"https:\/\/doppiojazz.it\/wp\/wp-json\/wp\/v2\/types\/post"}],"author":[{"embeddable":true,"href":"https:\/\/doppiojazz.it\/wp\/wp-json\/wp\/v2\/users\/11"}],"replies":[{"embeddable":true,"href":"https:\/\/doppiojazz.it\/wp\/wp-json\/wp\/v2\/comments?post=7967"}],"version-history":[{"count":1,"href":"https:\/\/doppiojazz.it\/wp\/wp-json\/wp\/v2\/posts\/7967\/revisions"}],"predecessor-version":[{"id":7970,"href":"https:\/\/doppiojazz.it\/wp\/wp-json\/wp\/v2\/posts\/7967\/revisions\/7970"}],"wp:featuredmedia":[{"embeddable":true,"href":"https:\/\/doppiojazz.it\/wp\/wp-json\/wp\/v2\/media\/7968"}],"wp:attachment":[{"href":"https:\/\/doppiojazz.it\/wp\/wp-json\/wp\/v2\/media?parent=7967"}],"wp:term":[{"taxonomy":"category","embeddable":true,"href":"https:\/\/doppiojazz.it\/wp\/wp-json\/wp\/v2\/categories?post=7967"},{"taxonomy":"post_tag","embeddable":true,"href":"https:\/\/doppiojazz.it\/wp\/wp-json\/wp\/v2\/tags?post=7967"}],"curies":[{"name":"wp","href":"https:\/\/api.w.org\/{rel}","templated":true}]}}