{"id":14543,"date":"2026-03-13T17:35:43","date_gmt":"2026-03-13T16:35:43","guid":{"rendered":"https:\/\/doppiojazz.it\/wp\/?p=14543"},"modified":"2026-03-13T17:35:46","modified_gmt":"2026-03-13T16:35:46","slug":"andrea-mucciarelli-con-1st2nd3rd-wow-records-2026","status":"publish","type":"post","link":"https:\/\/doppiojazz.it\/wp\/2026\/03\/13\/andrea-mucciarelli-con-1st2nd3rd-wow-records-2026\/","title":{"rendered":"Andrea Mucciarelli con \u00ab1St2Nd3Rd\u00bb (Wow Records, 2026)"},"content":{"rendered":"\n<p class=\"has-medium-font-size\"><em><strong>Da venerd\u00ec 13 marzo 2026, disponibile soltanto in formato digitale<\/strong><\/em><\/p>\n\n\n\n<p class=\"has-medium-font-size\"><em><strong>\/\/ di Stefano Dentice \/\/<\/strong><\/em><\/p>\n\n\n\n<p class=\"has-medium-font-size\">Pubblicato dall\u2019etichetta indipendente Wow Records, disponibile solo sulle piattaforme digitali da venerd\u00ec 13 marzo, \u00ab1St2Nd3Rd\u00bb \u00e8 la nuova realizzazione discografica del talentuoso chitarrista jazz Andrea Mucciarelli, la prima da leader. Al suo fianco, in questa avventura, due brillanti partner artistici: Marco Benedetti al contrabbasso e Andrea Beninati alla batteria.<\/p>\n\n\n\n<p class=\"has-medium-font-size\"><strong>Il CD \u00e8 formato da otto intramontabili standard appartenenti alla tradizione jazzistica<\/strong>: Wudy\u2013Woody\u2019N\u2019 You \u2013 Dizzy Gillespie, Falling Grace \u2013 Steve Swallow, Bellae Melonae-Little Melonae \u2013 Jackie McLean, Along Came Betty \u2013 Benny Golson, Isfahan \u2013 Duke Ellington, Stablemates \u2013 Benny Golson, Lulu&#8217;s Back in Town &#8211; Al Dubin-Harry Warren e Puttin&#8217; On the Ritz &#8211; Irving Berlin. \u00c8 un album che, apertamente, rappresenta una dichiarazione d\u2019amore per la tradizione del jazz, seppur reso ancor pi\u00f9 interessante grazie alla notevole personalit\u00e0 musicale di Mucciarelli e del suo trio, con una brillante (ri)lettura melodica, ritmica e timbrica di alcuni brani. Altri, invece, sono stati selezionati direttamente in studio di registrazione e interpretati con maggiore spontaneit\u00e0.<\/p>\n\n\n\n<p class=\"has-medium-font-size\"><strong>Andrea Mucciarelli descrive cos\u00ec di \u00ab1St2Nd3Rd\u00bb<\/strong>, la genesi e il mood: \u00ab<em>Mi \u00e8 sempre piaciuto suonare gli standard: in primis perch\u00e9 il loro studio \u00e8 stato ed \u00e8 fondamentale per la mia crescita come musicista, ma anche perch\u00e9 ho sempre avuto l\u2019inclinazione a rimaneggiarli, sia come pretesto per lo studio di certi parametri musicali, sia come mezzo per l\u2019espressione della mia creativit\u00e0. Cos\u00ec ho deciso che il mio primo disco sarebbe stato proprio di soli standard, alcuni rivisitati e lavorati pi\u00f9 a lungo, altri suonati in maniera pi\u00f9 spontanea, scelti ed eseguiti direttamente in studio di registrazione. Ho anche scelto di essere il pi\u00f9 sintetico possibile in termini di lunghezza dei brani, semplicemente perch\u00e9 credo che la forma breve sia quella che pi\u00f9 mi si addice, sia umanamente che come musicista, sia da esecutore che da ascoltatore. Anche se questo \u00e8 il mio\/nostro primo lavoro discografico, il trio esiste da tanto tempo. Con il contrabbassista Marco Benedetti e con il batterista Andrea Beninati c\u2019\u00e8 un grande affiatamento umano e musicale<\/em>\u00bb.<\/p>\n\n\n\n<p class=\"has-medium-font-size\"><strong>Biografia<\/strong><\/p>\n\n\n\n<p class=\"has-medium-font-size\">Chitarrista elegante, anche cantante, con una profonda conoscenza del linguaggio jazzistico, soprattutto quello legato alla tradizione, stilisticamente poliedrico tanto da riuscire a spaziare con naturalezza dal jazz al blues, dal soul alla musica d\u2019autore, Andrea Mucciarelli \u00e8 un puro talento che tiene diversi concerti in Italia e all\u2019estero. Svariate le sue collaborazioni (jazzistiche e non solo) con numerosi musicisti di levatura nazionale e internazionale come Nico Gori, Bruno Tommaso, Matteo Addabbo, Ornella Vanoni, Ares Tavolazzi, Ferruccio Spinetti, Roberto Cipelli, Giovanni Falzone, Achille Succi, Mirko Guerrini, Fabio Morgera, Stefano \u201cCocco\u201d Cantini, Nada Malanima, Dennis Bovell, Aziz \u015eenol Filiz, Francesco Petreni, Giulia Galliani, soltanto per elencarne alcuni.<\/p>\n\n\n\n<div class=\"wp-block-columns is-layout-flex wp-container-core-columns-is-layout-28f84493 wp-block-columns-is-layout-flex\">\n<div class=\"wp-block-column is-layout-flow wp-block-column-is-layout-flow\">\n<figure class=\"wp-block-image size-full\"><img loading=\"lazy\" decoding=\"async\" width=\"481\" height=\"722\" src=\"https:\/\/doppiojazz.it\/wp\/wp-content\/uploads\/2026\/03\/ANDREA-MUCCIARELLI.jpeg\" alt=\"\" class=\"wp-image-14545\" srcset=\"https:\/\/doppiojazz.it\/wp\/wp-content\/uploads\/2026\/03\/ANDREA-MUCCIARELLI.jpeg 481w, https:\/\/doppiojazz.it\/wp\/wp-content\/uploads\/2026\/03\/ANDREA-MUCCIARELLI-200x300.jpeg 200w\" sizes=\"auto, (max-width: 481px) 100vw, 481px\" \/><figcaption class=\"wp-element-caption\"><strong><em>Andrea Mucciarelli<\/em><\/strong><\/figcaption><\/figure>\n<\/div>\n\n\n\n<div class=\"wp-block-column is-layout-flow wp-block-column-is-layout-flow\">\n<figure class=\"wp-block-image size-full\"><img loading=\"lazy\" decoding=\"async\" width=\"481\" height=\"722\" src=\"https:\/\/doppiojazz.it\/wp\/wp-content\/uploads\/2026\/03\/ANDREA-MUCCIARELLI-FIRENZE-JAZZ.jpeg\" alt=\"\" class=\"wp-image-14546\" srcset=\"https:\/\/doppiojazz.it\/wp\/wp-content\/uploads\/2026\/03\/ANDREA-MUCCIARELLI-FIRENZE-JAZZ.jpeg 481w, https:\/\/doppiojazz.it\/wp\/wp-content\/uploads\/2026\/03\/ANDREA-MUCCIARELLI-FIRENZE-JAZZ-200x300.jpeg 200w\" sizes=\"auto, (max-width: 481px) 100vw, 481px\" \/><\/figure>\n<\/div>\n<\/div>\n\n\n\n<p><\/p>\n","protected":false},"excerpt":{"rendered":"<p>Da venerd\u00ec 13 marzo 2026, disponibile soltanto in formato digitale \/\/ di Stefano Dentice \/\/&#8230;<\/p>\n","protected":false},"author":11,"featured_media":14544,"comment_status":"open","ping_status":"open","sticky":false,"template":"","format":"standard","meta":{"footnotes":"","jetpack_publicize_message":"","jetpack_publicize_feature_enabled":true,"jetpack_social_post_already_shared":true,"jetpack_social_options":{"image_generator_settings":{"template":"highway","default_image_id":0,"font":"","enabled":false},"version":2}},"categories":[25,9,843,18,22,2,3,500,6,13],"tags":[2096,2097,70,81,218,49,194,40,270,55,82,71],"class_list":["post-14543","post","type-post","status-publish","format-standard","has-post-thumbnail","hentry","category-blues","category-cultura","category-elettro-beat","category-fusion","category-italian-jazz","category-jazz","category-musica","category-post-bop","category-recensione-dischi","category-world-music","tag-1st2nd3rd","tag-andrea-mucciarelli","tag-bebop","tag-blues","tag-free-jazz-2","tag-fusion","tag-hard-bop","tag-jazz","tag-post-bop-2","tag-post-bop","tag-soul","tag-swing"],"jetpack_publicize_connections":[],"jetpack_featured_media_url":"https:\/\/doppiojazz.it\/wp\/wp-content\/uploads\/2026\/03\/Mucciarelli_ante.jpeg","_links":{"self":[{"href":"https:\/\/doppiojazz.it\/wp\/wp-json\/wp\/v2\/posts\/14543","targetHints":{"allow":["GET"]}}],"collection":[{"href":"https:\/\/doppiojazz.it\/wp\/wp-json\/wp\/v2\/posts"}],"about":[{"href":"https:\/\/doppiojazz.it\/wp\/wp-json\/wp\/v2\/types\/post"}],"author":[{"embeddable":true,"href":"https:\/\/doppiojazz.it\/wp\/wp-json\/wp\/v2\/users\/11"}],"replies":[{"embeddable":true,"href":"https:\/\/doppiojazz.it\/wp\/wp-json\/wp\/v2\/comments?post=14543"}],"version-history":[{"count":1,"href":"https:\/\/doppiojazz.it\/wp\/wp-json\/wp\/v2\/posts\/14543\/revisions"}],"predecessor-version":[{"id":14547,"href":"https:\/\/doppiojazz.it\/wp\/wp-json\/wp\/v2\/posts\/14543\/revisions\/14547"}],"wp:featuredmedia":[{"embeddable":true,"href":"https:\/\/doppiojazz.it\/wp\/wp-json\/wp\/v2\/media\/14544"}],"wp:attachment":[{"href":"https:\/\/doppiojazz.it\/wp\/wp-json\/wp\/v2\/media?parent=14543"}],"wp:term":[{"taxonomy":"category","embeddable":true,"href":"https:\/\/doppiojazz.it\/wp\/wp-json\/wp\/v2\/categories?post=14543"},{"taxonomy":"post_tag","embeddable":true,"href":"https:\/\/doppiojazz.it\/wp\/wp-json\/wp\/v2\/tags?post=14543"}],"curies":[{"name":"wp","href":"https:\/\/api.w.org\/{rel}","templated":true}]}}