{"id":11214,"date":"2025-06-21T16:55:49","date_gmt":"2025-06-21T14:55:49","guid":{"rendered":"https:\/\/doppiojazz.it\/wp\/?p=11214"},"modified":"2025-06-21T16:57:08","modified_gmt":"2025-06-21T14:57:08","slug":"lago-diseo-jazz-e-dedicata-ai-novantanni-di-enrico-intra-la-xxxiii-edizione-del-festival-in-programma-dal-28-giugno-al-4-luglio","status":"publish","type":"post","link":"https:\/\/doppiojazz.it\/wp\/2025\/06\/21\/lago-diseo-jazz-e-dedicata-ai-novantanni-di-enrico-intra-la-xxxiii-edizione-del-festival-in-programma-dal-28-giugno-al-4-luglio\/","title":{"rendered":"Lago d\u2019Iseo Jazz: \u00e8 dedicata ai novant\u2019anni di Enrico Intra la XXXIII edizione del festival, in programma dal 28 giugno al 4 luglio \u2028"},"content":{"rendered":"\n<p class=\"has-medium-font-size\"><strong><em>\/\/ A Cura della Redazione \/\/<\/em><\/strong><br><br><em><strong>Il pianista e compositore milanese, figura di primo piano della scena nazionale e internazionale, compir\u00e0 90 anni il prossimo 3 luglio: un traguardo che festegger\u00e0 suonando, in riva al Sebino, insieme ad altri grandi musicisti tra cui Gianluigi Trovesi, Giovanni Tommaso, Gianni Cazzola, Roger Rota, Joyce Yuille ma non solo<\/strong><\/em><\/p>\n\n\n\n<p class=\"has-medium-font-size\">Dopo un\u2019assenza di un paio d\u2019anni, il festival<em> Lago d\u2019Iseo Jazz-La Casa del Jazz Italiano<\/em> torna nella sua storica sede di Iseo (Bs), sulla sponda bresciana del Sebino, e mantiene la sempre pi\u00f9 significativa collaborazione con Palazzolo sull\u2019Oglio (Bs). In programma dal 28 giugno al 4 luglio, la XXXIII \u00e8 un\u2019edizione speciale che ruota intorno ai novant\u2019anni di Enrico Intra, testimonial musicale del festival e tra le principali personalit\u00e0 del jazz italiano ed europeo. Novant\u2019anni di un artista ancora in piena attivit\u00e0, che infatti presenta diversi progetti, vecchi e nuovi, in quella che va ben oltre la semplice celebrazione per proporre momenti di grande jazz contemporaneo: dall\u2019anteprima del 15 giugno scorso, con la banda cittadina di Iseo impegnata in pagine bandistiche scritte o arrangiate da Intra, al duetto con Joyce Yuille, cantante afroamericana ma ormai italiana di adozione su canti gregoriani rivisitati (il 29 giugno a Iseo). E, ancora, dal quintetto dall\u2019insolito organico con voce e fagotto (sempre il 29 giugno a Iseo), recentemente protagonista di una produzione discografica, fino al progetto specialissimo di gioved\u00ec 3 luglio, giorno del novantesimo compleanno del Maestro. Una serata in cui un\u2019altra personalit\u00e0 di grandissimo valore, Franco D\u2019Andrea, gli render\u00e0 omaggio in solo piano prima dell\u2019esibizione di un quartetto in cui il festeggiato suoner\u00e0 con eccellenti personalit\u00e0 della scena nazionale quali Gianluigi Trovesi (sax alto e clarinetti), Giovanni Tommaso (contrabbasso) e Gianni Cazzola (batteria). A tutti i partecipanti di una giornata \u201cstorica\u201d, l\u2019associazione MIDJ (che riunisce i musicisti italiani di jazz e che rinnova il suo patrocinio al festival) consegner\u00e0 una tessera d\u2019onore alla carriera.<\/p>\n\n\n\n<p class=\"has-medium-font-size\"><strong>Ma il festival \u00e8 anche altro: sabato 28 giugno, a Palazzolo sull\u2019Oglio<\/strong>, la nuova edizione della manifestazione verr\u00e0 inaugurata dalla Monday Orchestra diretta da Luca Missiti, per l\u2019occasione in nonetto, che eseguir\u00e0 la musica del disco-capolavoro <em>\u201cBlues &amp; Roots\u201d<\/em> di Charles Mingus, mentre venerd\u00ec 4 luglio, a Iseo, nella suggestiva cornice del Castello Oldofredi, il trio del chitarrista e compositore Dario Napoli, uno dei massimi specialisti mondiali della musica di Django Reinhardt, proporr\u00e0 un percorso tra le sue composizioni, incluse quelle meno conosciute. Tutti i concerti sono a ingresso libero (tranne quello del 3 luglio per il quale \u00e8 previsto un biglietto d\u2019ingresso di 20 euro), sono aperti da un\u2019agile guida all\u2019ascolto e si svolgono in luoghi di rilevanza culturale, artistica e naturalistica: la modernissima Casa della Musica di Palazzolo sull\u2019Oglio, da anni sede dei concerti; la chiesa di San Silvestro con la sua meravigliosa danza macabra; il singolare e splendido sagrato della Pieve di Sant\u2019Andrea; il castello medievale degli Oldofredi; la suggestiva ambientazione del grande prato solarium del Sassabenek, sulla riva del lago. Ancora una volta Rai Radio Tre \u00e8 media partner del festival, nel segno di una pi\u00f9 che ventennale collaborazione e a garanzia di una proposta che \u00e8, prima di tutto, culturale, con la musica al primo posto e perfettamente inserita in un territorio tra i pi\u00f9 belli del Nord Italia.<\/p>\n\n\n\n<p class=\"has-medium-font-size\"><strong>FESTIVAL LAGO D\u2019ISEO JAZZ &#8211; IL PROGRAMMA DELLA XXXIII EDIZIONE<\/strong><\/p>\n\n\n\n<p class=\"has-medium-font-size\"><strong>Iseo (Bs)<\/strong><\/p>\n\n\n\n<p class=\"has-medium-font-size\"><strong>Domenica 15 giugno<\/strong><\/p>\n\n\n\n<p class=\"has-medium-font-size\"><strong>Castello Oldofredi, ore 16<\/strong><\/p>\n\n\n\n<p class=\"has-medium-font-size\"><em>Anteprima del festival Lago d\u2019Iseo Jazz<\/em><\/p>\n\n\n\n<p class=\"has-medium-font-size\">Maurizio Franco racconta il jazz con Giovanni Bergamini (pianoforte).<\/p>\n\n\n\n<p class=\"has-medium-font-size\">Ore 17.30<\/p>\n\n\n\n<p class=\"has-medium-font-size\"><em>La mia banda suona il jazz<\/em><\/p>\n\n\n\n<p class=\"has-medium-font-size\">Composizioni e arrangiamenti per banda di Enrico Intra con la Banda cittadina di Iseo diretta da Costanzo Manza.<\/p>\n\n\n\n<p class=\"has-medium-font-size\"><strong>Palazzolo sull\u2019Oglio (Bs)<\/strong><\/p>\n\n\n\n<p class=\"has-medium-font-size\"><strong>Sabato 28 giugno<\/strong><\/p>\n\n\n\n<p class=\"has-medium-font-size\">Casa della Musica, ore 21<\/p>\n\n\n\n<p class=\"has-medium-font-size\"><em>Monday Orchestra &#8211; Blues &amp; Roots, omaggio a Charles Mingus<\/em><\/p>\n\n\n\n<p class=\"has-medium-font-size\">Giulio Visibelli (sax contralto), Tullio Ricci (sax contralto e sax tenore), Rudi Manzoli (sax tenore), Giancarlo Porro (sax baritono), Andrea Andreoli (trombone), Carlo Napolitano (trombone), Antonio Vivenzio (pianoforte), Marco Vaggi (contrabbasso), Francesco Meles (batteria), Luca Missiti (direzione).<\/p>\n\n\n\n<p class=\"has-medium-font-size\"><strong>Iseo (Bs)<\/strong><\/p>\n\n\n\n<p class=\"has-medium-font-size\"><strong>Domenica 29 giugno<\/strong><\/p>\n\n\n\n<p class=\"has-medium-font-size\">Chiesa di San Silvestro, ore 16.30<\/p>\n\n\n\n<p class=\"has-medium-font-size\"><em>Enrico Intra-Joyce Yuille: Gregoriani<\/em><\/p>\n\n\n\n<p class=\"has-medium-font-size\">Enrico Intra (tastiera), Joyce Yuille (voce).<\/p>\n\n\n\n<p class=\"has-medium-font-size\">Progetto speciale del festival<\/p>\n\n\n\n<p class=\"has-medium-font-size\">Sagrato della Pieve di Sant\u2019Andrea, ore 21<\/p>\n\n\n\n<p class=\"has-medium-font-size\"><em>Enrico Intra Quintet &#8211; Presentazione del disco \u201cDi Gioved\u00ec\u201d<\/em><\/p>\n\n\n\n<p class=\"has-medium-font-size\">Enrico Intra (pianoforte), Joyce Yuille (voce), Roger Rota (fagotto), Marco Vaggi (contrabbasso), Tony Arco (batteria).<\/p>\n\n\n\n<p class=\"has-medium-font-size\"><strong>Iseo (Bs)<\/strong><\/p>\n\n\n\n<p class=\"has-medium-font-size\"><strong>Gioved\u00ec 3 luglio<\/strong><\/p>\n\n\n\n<p class=\"has-medium-font-size\">Lido di Sassabanek, ore 21<\/p>\n\n\n\n<p class=\"has-medium-font-size\">Nel giorno del novantesimo compleanno di Enrico Intra<\/p>\n\n\n\n<p class=\"has-medium-font-size\">Franco D\u2019Andrea piano solo &#8211; <em>Per Enrico<\/em><\/p>\n\n\n\n<p class=\"has-medium-font-size\">Trovesi-Intra-Tommaso-Cazzola<\/p>\n\n\n\n<p class=\"has-medium-font-size\"><em>La via italiana al jazz &#8211; Progetto speciale del festival<\/em><\/p>\n\n\n\n<p class=\"has-medium-font-size\">Enrico Intra (pianoforte), Gianluigi Trovesi (sax alto e clarinetti), Giovanni Tommaso (contrabbasso), Gianni Cazzola (batteria).<\/p>\n\n\n\n<p class=\"has-medium-font-size\"><strong>Iseo (Bs)<\/strong><\/p>\n\n\n\n<p class=\"has-medium-font-size\"><strong>Venerd\u00ec 4 luglio<\/strong><\/p>\n\n\n\n<p class=\"has-medium-font-size\">Castello Oldofredi, ore 21.<\/p>\n\n\n\n<p class=\"has-medium-font-size\"><em>Dario Napoli Trio &#8211; Django Reinhardt, la nascita del jazz europeo<\/em><\/p>\n\n\n\n<p class=\"has-medium-font-size\">Dario Napoli (chitarra solista), Benji Winterstein (chitarra ritmica), Tonino De Sensi (basso elettrico).<\/p>\n\n\n\n<p class=\"has-medium-font-size\">Tutti i concerti sono a ingresso libero tranne quello del 3 luglio (ingresso: 20 euro; prenotazioni: tel. 030\/980600).<\/p>\n\n\n\n<p class=\"has-medium-font-size\"><strong>Direzione artistica e introduzione ai concerti: Maurizio Franco.<\/strong><\/p>\n\n\n\n<p class=\"has-medium-font-size\">Organizzazione: Associazione Culturale Musica Oggi &#8211; Sviluppo Turistico Lago D\u2019Iseo Sassabanek.<\/p>\n\n\n\n<figure class=\"wp-block-image size-large\"><img loading=\"lazy\" decoding=\"async\" width=\"1024\" height=\"771\" src=\"https:\/\/doppiojazz.it\/wp\/wp-content\/uploads\/2025\/06\/Franco-DAndrea-\u252c\u00ae-Fabiana-Toppia-Nervi-1024x771.jpg\" alt=\"\" class=\"wp-image-11217\" srcset=\"https:\/\/doppiojazz.it\/wp\/wp-content\/uploads\/2025\/06\/Franco-DAndrea-\u252c\u00ae-Fabiana-Toppia-Nervi-1024x771.jpg 1024w, https:\/\/doppiojazz.it\/wp\/wp-content\/uploads\/2025\/06\/Franco-DAndrea-\u252c\u00ae-Fabiana-Toppia-Nervi-300x226.jpg 300w, https:\/\/doppiojazz.it\/wp\/wp-content\/uploads\/2025\/06\/Franco-DAndrea-\u252c\u00ae-Fabiana-Toppia-Nervi-768x578.jpg 768w, https:\/\/doppiojazz.it\/wp\/wp-content\/uploads\/2025\/06\/Franco-DAndrea-\u252c\u00ae-Fabiana-Toppia-Nervi.jpg 1194w\" sizes=\"auto, (max-width: 1024px) 100vw, 1024px\" \/><figcaption class=\"wp-element-caption\"><strong><em>Franco D&#8217;Andrea<\/em><\/strong><\/figcaption><\/figure>\n\n\n\n<p><\/p>\n","protected":false},"excerpt":{"rendered":"<p>\/\/ A Cura della Redazione \/\/ Il pianista e compositore milanese, figura di primo piano&#8230;<\/p>\n","protected":false},"author":4,"featured_media":11216,"comment_status":"open","ping_status":"open","sticky":false,"template":"","format":"standard","meta":{"footnotes":"","jetpack_publicize_message":"","jetpack_publicize_feature_enabled":true,"jetpack_social_post_already_shared":true,"jetpack_social_options":{"image_generator_settings":{"template":"highway","default_image_id":0,"font":"","enabled":false},"version":2}},"categories":[20,4,9,5,2,3,1],"tags":[],"class_list":["post-11214","post","type-post","status-publish","format-standard","has-post-thumbnail","hentry","category-cinema-teatro","category-concerti","category-cultura","category-eventi","category-jazz","category-musica","category-spettacoli"],"jetpack_publicize_connections":[],"jetpack_featured_media_url":"https:\/\/doppiojazz.it\/wp\/wp-content\/uploads\/2025\/06\/Intra-e-Yuille-\u252c\u00ae-Roberto-Priolo.jpg","_links":{"self":[{"href":"https:\/\/doppiojazz.it\/wp\/wp-json\/wp\/v2\/posts\/11214","targetHints":{"allow":["GET"]}}],"collection":[{"href":"https:\/\/doppiojazz.it\/wp\/wp-json\/wp\/v2\/posts"}],"about":[{"href":"https:\/\/doppiojazz.it\/wp\/wp-json\/wp\/v2\/types\/post"}],"author":[{"embeddable":true,"href":"https:\/\/doppiojazz.it\/wp\/wp-json\/wp\/v2\/users\/4"}],"replies":[{"embeddable":true,"href":"https:\/\/doppiojazz.it\/wp\/wp-json\/wp\/v2\/comments?post=11214"}],"version-history":[{"count":1,"href":"https:\/\/doppiojazz.it\/wp\/wp-json\/wp\/v2\/posts\/11214\/revisions"}],"predecessor-version":[{"id":11218,"href":"https:\/\/doppiojazz.it\/wp\/wp-json\/wp\/v2\/posts\/11214\/revisions\/11218"}],"wp:featuredmedia":[{"embeddable":true,"href":"https:\/\/doppiojazz.it\/wp\/wp-json\/wp\/v2\/media\/11216"}],"wp:attachment":[{"href":"https:\/\/doppiojazz.it\/wp\/wp-json\/wp\/v2\/media?parent=11214"}],"wp:term":[{"taxonomy":"category","embeddable":true,"href":"https:\/\/doppiojazz.it\/wp\/wp-json\/wp\/v2\/categories?post=11214"},{"taxonomy":"post_tag","embeddable":true,"href":"https:\/\/doppiojazz.it\/wp\/wp-json\/wp\/v2\/tags?post=11214"}],"curies":[{"name":"wp","href":"https:\/\/api.w.org\/{rel}","templated":true}]}}